{"id":53624,"date":"2022-12-28T13:17:05","date_gmt":"2022-12-28T12:17:05","guid":{"rendered":"https:\/\/gazeta.choroszcz.pl\/?p=53624"},"modified":"2022-12-28T13:17:06","modified_gmt":"2022-12-28T12:17:06","slug":"promocja-publikacji-moesowie-nie-tylko-z-choroszczy","status":"publish","type":"post","link":"https:\/\/gazeta.choroszcz.pl\/?p=53624","title":{"rendered":"Promocja publikacji \u201eMoesowie nie tylko z Choroszczy\u201d"},"content":{"rendered":"\n<p><strong>Muzeum Wn\u0119trz Pa\u0142acowych zaprasza 7 stycznia, o godz. 16:00, na spotkanie z ksi\u0105\u017ck\u0105.<\/strong><\/p>\n\n\n\n<p>Muzeum Wn\u0119trz Pa\u0142acowych w Choroszczy zaprasza na promocj\u0119 publikacji \u201eMoesowie nie tylko z Choroszczy\u201d, po\u015bwi\u0119conej historii rodziny Moes\u00f3w, kt\u00f3rzy odegrali znacz\u0105ca rol\u0119 nie tylko w historii Chroszczy, gdzie stworzyli jeden z wi\u0119kszych o\u015brodk\u00f3w przemys\u0142u w\u0142\u00f3kienniczego, ale tak\u017ce innych miejscowo\u015bci na ziemiach polskich.<\/p>\n\n\n\n<p>Ostatni z w\u0142a\u015bcicieli fabryki Carl August Moes [II] od pocz\u0105tku lat 90. XIX w. pe\u0142ni\u0142 wiele funkcji publicznych w Bia\u0142ymstoku, gdzie by\u0142 na tyle powa\u017can\u0105 osobisto\u015bci\u0105, \u017ce jedna z ulic w pobli\u017cu dworca kolejowego zosta\u0142a nazwana od jego nazwiska. Inni potomkowie za\u0142o\u017cyciela zak\u0142ad\u00f3w w Choroszczy Christiana Augusta Moesa obierali r\u00f3\u017cne drogi rozwoju. Kamil Alfred zosta\u0142 w\u0142a\u015bcicielem gospodarstwa ogrodniczego w Nowosi\u00f3\u0142ach, a wybitny podlaski historyk i spo\u0142ecznik Zygmunt Gloger stawia\u0142 go za wz\u00f3r nowoczesnego gospodarza i patrioty. Z kolei Konstanty Moes, kt\u00f3ry do rodowego nazwiska przyj\u0105\u0142 przydomek Oskargie\u0142\u0142o, bardzo zaanga\u017cowa\u0142 si\u0119 w propagowanie naturalnych metod leczenia. W okolicach Otwocka za\u0142o\u017cy\u0142 zak\u0142ad przyrodoleczniczy i opublikowa\u0142 kilka ksi\u0105\u017cek po\u015bwi\u0119conych tematyce wegetarianizmu i zdrowego trybu \u017cycia. Aleksander Juliusz rozwin\u0105\u0142 przemys\u0142 papierniczy w Wierbce i S\u0142awinowie oraz za\u0142o\u017cy\u0142 stadnin\u0119 koni w Udorzu. Jeden z syn\u00f3w zainspirowa\u0142 niemieckiego pisarza Tomasza Manna do stworzenia postaci Tadzia w noweli \u201e\u015amier\u0107 w Wenecji\u201d. <\/p>\n\n\n\n<p>W publikacji przedstawiona zosta\u0142a historia rodu od pojawienia si\u0119 na ziemiach polskich w latach 30 XIX w., uzupe\u0142niona o biogramy najbardziej znanych przedstawicieli tej rodziny.<\/p>\n\n\n\n<p>Wst\u0119p wolny.<\/p>\n\n\n\n<figure class=\"wp-block-gallery columns-1 is-cropped wp-block-gallery-1 is-layout-flex wp-block-gallery-is-layout-flex\"><ul class=\"blocks-gallery-grid\"><li class=\"blocks-gallery-item\"><figure><img loading=\"lazy\" decoding=\"async\" width=\"872\" height=\"865\" src=\"https:\/\/gazeta.choroszcz.pl\/choroszcz_gazeta\/wp-content\/uploads\/2022\/12\/Okladka.jpg\" alt=\"\" data-id=\"53625\" data-full-url=\"https:\/\/gazeta.choroszcz.pl\/choroszcz_gazeta\/wp-content\/uploads\/2022\/12\/Okladka.jpg\" data-link=\"https:\/\/gazeta.choroszcz.pl\/?attachment_id=53625\" class=\"wp-image-53625\" srcset=\"https:\/\/gazeta.choroszcz.pl\/choroszcz_gazeta\/wp-content\/uploads\/2022\/12\/Okladka.jpg 872w, https:\/\/gazeta.choroszcz.pl\/choroszcz_gazeta\/wp-content\/uploads\/2022\/12\/Okladka-300x298.jpg 300w, https:\/\/gazeta.choroszcz.pl\/choroszcz_gazeta\/wp-content\/uploads\/2022\/12\/Okladka-150x150.jpg 150w, https:\/\/gazeta.choroszcz.pl\/choroszcz_gazeta\/wp-content\/uploads\/2022\/12\/Okladka-768x762.jpg 768w\" sizes=\"(max-width: 872px) 100vw, 872px\" \/><\/figure><\/li><\/ul><\/figure>\n\n\n\n<p><\/p>\n","protected":false},"excerpt":{"rendered":"<p>Muzeum Wn\u0119trz Pa\u0142acowych zaprasza 7 stycznia, o godz. 16:00, na spotkanie z ksi\u0105\u017ck\u0105.<\/p>\n","protected":false},"author":3,"featured_media":53625,"comment_status":"closed","ping_status":"open","sticky":false,"template":"","format":"standard","meta":{"ngg_post_thumbnail":0,"footnotes":""},"categories":[7],"tags":[],"class_list":["post-53624","post","type-post","status-publish","format-standard","has-post-thumbnail","hentry","category-wydarzenia"],"_links":{"self":[{"href":"https:\/\/gazeta.choroszcz.pl\/index.php?rest_route=\/wp\/v2\/posts\/53624"}],"collection":[{"href":"https:\/\/gazeta.choroszcz.pl\/index.php?rest_route=\/wp\/v2\/posts"}],"about":[{"href":"https:\/\/gazeta.choroszcz.pl\/index.php?rest_route=\/wp\/v2\/types\/post"}],"author":[{"embeddable":true,"href":"https:\/\/gazeta.choroszcz.pl\/index.php?rest_route=\/wp\/v2\/users\/3"}],"replies":[{"embeddable":true,"href":"https:\/\/gazeta.choroszcz.pl\/index.php?rest_route=%2Fwp%2Fv2%2Fcomments&post=53624"}],"version-history":[{"count":1,"href":"https:\/\/gazeta.choroszcz.pl\/index.php?rest_route=\/wp\/v2\/posts\/53624\/revisions"}],"predecessor-version":[{"id":53626,"href":"https:\/\/gazeta.choroszcz.pl\/index.php?rest_route=\/wp\/v2\/posts\/53624\/revisions\/53626"}],"wp:featuredmedia":[{"embeddable":true,"href":"https:\/\/gazeta.choroszcz.pl\/index.php?rest_route=\/wp\/v2\/media\/53625"}],"wp:attachment":[{"href":"https:\/\/gazeta.choroszcz.pl\/index.php?rest_route=%2Fwp%2Fv2%2Fmedia&parent=53624"}],"wp:term":[{"taxonomy":"category","embeddable":true,"href":"https:\/\/gazeta.choroszcz.pl\/index.php?rest_route=%2Fwp%2Fv2%2Fcategories&post=53624"},{"taxonomy":"post_tag","embeddable":true,"href":"https:\/\/gazeta.choroszcz.pl\/index.php?rest_route=%2Fwp%2Fv2%2Ftags&post=53624"}],"curies":[{"name":"wp","href":"https:\/\/api.w.org\/{rel}","templated":true}]}}