{"id":53627,"date":"2022-12-29T10:53:10","date_gmt":"2022-12-29T09:53:10","guid":{"rendered":"https:\/\/gazeta.choroszcz.pl\/?p=53627"},"modified":"2022-12-29T10:53:11","modified_gmt":"2022-12-29T09:53:11","slug":"z-milosci-do-kultury","status":"publish","type":"post","link":"https:\/\/gazeta.choroszcz.pl\/?p=53627","title":{"rendered":"Z mi\u0142o\u015bci do kultury"},"content":{"rendered":"\n<p><strong>Izabela D\u0105browska, dyrektor Miejsko-Gminnego Centrum Kultury i Sportu w Choroszczy, w pierwsz\u0105 rocznic\u0119 swojego urz\u0119dowania m\u00f3wi o zrealizowanych projektach, potencjale choroszcza\u0144skiej spo\u0142eczno\u015bci oraz swoich celach i wyzwaniach.<\/strong><\/p>\n\n\n\n<p><strong>Co na co dzie\u0144 robi dyrektor o\u015brodka kultury w ma\u0142ym miasteczku? Pije kaw\u0119, przegl\u0105da internet i si\u0119 lansuje?<\/strong><\/p>\n\n\n\n<p>My\u015bl\u0119, \u017ce w wyobra\u017ceniach wielu os\u00f3b, kt\u00f3re z jakich\u015b powod\u00f3w o taki obraz dyrektora w swoim \u017cyciu si\u0119 otar\u0142y, tak to w\u0142a\u015bnie mo\u017ce wygl\u0105da\u0107 (\u015bmiech). Ale przyj\u0119cie tak odpowiedzialnego stanowiska z takim wyobra\u017ceniem swojej pracy oznacza\u0142oby, \u017ce zwyczajnie do tej roli si\u0119 nie nadaj\u0119 lub do niej nie doros\u0142am. W moim przekonaniu o warto\u015bci dyrektora, sensie jego pracy decyduje nie uzyskany dyplom, nie plakietka na drzwiach czy piecz\u0105tka z odpowiednim tytu\u0142em, tylko ci\u0119\u017cka praca z zespo\u0142em, w kt\u00f3rym potrafi si\u0119 dostrzec i w ko\u0144cu odpowiednio wykorzysta\u0107 jego potencja\u0142. W moim przekonaniu umiej\u0119tno\u015b\u0107 wsp\u00f3\u0142pracy z nim znaczy wi\u0119cej ni\u017c internetowy lans, zasi\u0119gi czy sztucznie przytaczane statystyki zrealizowanych imprez. W tym wszystkim wa\u017cne staje si\u0119 po\u0142\u0105czenie sensowno\u015bci wizji dyrektora ze zdolno\u015bci\u0105 anga\u017cowania ludzi. Dlatego odpowiadaj\u0105c na pytanie: na co dzie\u0144 staram si\u0119 anga\u017cowa\u0107. Anga\u017cowa\u0107 w odniesieniu do samej siebie, zespo\u0142u z kt\u00f3rym pracuj\u0119, czy spo\u0142eczno\u015bci i instytucji, z kt\u00f3rymi staram si\u0119 wsp\u00f3\u0142pracowa\u0107. Je\u015bli jest si\u0119 zaanga\u017cowanym w swoj\u0105 prac\u0119, to na lansowanie si\u0119 nie pozostaje zbyt wiele czasu.<\/p>\n\n\n\n<p><strong>Pani jest dyrektorem dopiero od roku. Co Pani\u0105 zaskoczy\u0142o w tej pracy, co by\u0142o najwi\u0119kszym wyzwaniem?<\/strong><\/p>\n\n\n\n<p>Dyrektorem jestem wprawdzie od roku, ale wcze\u015bniej przez dziewi\u0119\u0107 lat zajmowa\u0142am stanowisko kierownicze, gdzie dane by\u0142o mi zarz\u0105dza\u0107 zespo\u0142em, w firmie, w kt\u00f3rej wsp\u00f3lnie realizowali\u015bmy projekty kulturalne, tak\u017ce o zasi\u0119gu mi\u0119dzynarodowym. Cho\u0107 nie ba\u0142am si\u0119 samej pracy w kulturze czy wsp\u00f3\u0142pracy z samorz\u0105dem i burmistrzem, to nie ukrywam, \u017ce towarzyszy\u0142 mi niepok\u00f3j, czy sprostam wyzwaniom, przed kt\u00f3rymi stan\u0119\u0142y instytucje kultury w popandemicznej rzeczywisto\u015bci: odbudowaniu relacji z publiczno\u015bci\u0105, wdro\u017ceniu nowych projekt\u00f3w, odbudowaniu frekwencji. Tak sobie wyobra\u017ca\u0142am swoje problemy. U\u015bmiecham si\u0119 na my\u015bl o tym, bo szybko okaza\u0142o si\u0119, \u017ce nie to by\u0142o najtrudniejsze\u2026 Przysz\u0142o mi budowa\u0107 organizacj\u0119 pracy instytucji bez oficjalnie przekazanych dokument\u00f3w przez moich poprzednik\u00f3w, walczy\u0107 o relacje w zespole, kt\u00f3ry zosta\u0142 negatywnie uprzedzony do mojej osoby, a to wszystko w przestrzeni przepi\u0119knego, ale zaniedbanego i rodz\u0105cego wiele wyzwa\u0144 budynku.&nbsp;<\/p>\n\n\n\n<p><strong>Przychodz\u0105c na to stanowisko, doskonale zna\u0142a Pani \u015brodowisko Choroszczy, bo od lat tu Pani mieszka i ju\u017c wcze\u015bniej anga\u017cowa\u0142a si\u0119 Pani w lokalne projekty kulturalne, m.in. ze \u015brodowiskiem tutejszych senior\u00f3w. Do tego Pani m\u0105\u017c jest choroszcza\u0144skim radnym. Wydawa\u0142oby si\u0119, \u017ce to dodatkowe kompetencje, ale okaza\u0142o si\u0119, \u017ce nie wszyscy uwa\u017cali to za atut\u2026<\/strong><\/p>\n\n\n\n<p>Wydawa\u0142o mi si\u0119, \u017ce znam to \u015brodowisko. Prawda jest jednak taka, \u017ce ja je teraz dopiero poznaj\u0119, ucz\u0119 si\u0119 go ka\u017cdego dnia, do\u015bwiadczam w ka\u017cdym dzia\u0142aniu, staram si\u0119 ws\u0142ucha\u0107 i zrozumie\u0107 frustracje i potrzeby, ale te\u017c \u2013 co najwa\u017cniejsze \u2013 silnie odczuwam jego potencja\u0142. Tak jak odczuwa\u0142am potencja\u0142 naszych grup senioralnych. Bardzo szanuj\u0119 osoby, kt\u00f3re z pasji, potrzeby serca czy poczucia lokalnego patriotyzmu zupe\u0142nie naturalnie i czysto spo\u0142ecznie dzia\u0142aj\u0105 w nim czy tworz\u0105 od wielu lat. Jestem dumna, \u017ce mamy w Choroszczy tak wielu wspania\u0142ych lider\u00f3w organizacji pozarz\u0105dowych, z kt\u00f3rymi mia\u0142am okazj\u0119 wsp\u00f3\u0142pracowa\u0107. Tak uczciwie i czysto zawodowo, jako animator docenia\u0142am zaanga\u017cowanie spo\u0142eczne swojego m\u0119\u017ca, okupione cz\u0119sto po\u015bwi\u0119ceniem jego czasu i relacji. Jest on dla mnie autorytetem i wsparciem w wielu dziedzinach, w kt\u00f3rych ja nie mam do\u015bwiadczenia, ale nie jest jedynym radnym czy osob\u0105 publiczn\u0105, kt\u00f3r\u0105 w \u017cyciu pozna\u0142am i z kt\u00f3r\u0105 wsp\u00f3\u0142pracowa\u0142am (\u015bmiech). Bardzo przykro by\u0142o mi czyta\u0107 czy s\u0142ucha\u0107, \u017ce swoje stanowisko zawdzi\u0119czam pozycji mojego m\u0119\u017ca. \u0141atwo jest rzuci\u0107 takie nieprawdziwe, rani\u0105ce s\u0142owa, zw\u0142aszcza je\u015bli chce si\u0119 zasia\u0107 niepok\u00f3j w spo\u0142eczno\u015bci, oczerniaj\u0105c kogo\u015b tylko po to, by w kiepsko zawoalowany spos\u00f3b ukry\u0107 swoje prawdziwe intencje. Ale bardzo staram si\u0119 nie bra\u0107 do serca takich pogardliwych zarzut\u00f3w, bo mam nadziej\u0119, \u017ce cz\u0142owiek zawsze obroni si\u0119 swoj\u0105 uczciw\u0105 prac\u0105 i warto\u015bciowymi relacjami, kt\u00f3re tworzy w swoim \u017cyciu.<\/p>\n\n\n\n<p><strong>Rok temu wypowiada\u0142a si\u0119 Pani w wywiadzie, wyznaczaj\u0105c g\u0142\u00f3wne cele, jakie chce Pani zrealizowa\u0107 jako dyrektor M-GCKiS. Co z tego uda\u0142o si\u0119 zrealizowa\u0107, a co jeszcze przed Wami?<\/strong><\/p>\n\n\n\n<p>W tamtej wypowiedzi chcia\u0142am da\u0107 wyraz swojej wizji pracy nie jako dyrektora, ale przede wszystkim animatora, kt\u00f3ry jest ciekawy potencja\u0142u spo\u0142eczno\u015bci, z kt\u00f3r\u0105 mo\u017ce wsp\u00f3\u0142pracowa\u0107, z kt\u00f3rej mo\u017ce czerpa\u0107 inspiracje. My\u015bl\u0119, \u017ce w tym roku uda\u0142o mi si\u0119 otworzy\u0107 zar\u00f3wno sw\u00f3j zesp\u00f3\u0142, jak i samo miejsce na ludzi, pokaza\u0107, w jaki spos\u00f3b ze spo\u0142eczno\u015bci\u0105 mo\u017cna wsp\u00f3\u0142pracowa\u0107, w\u0142\u0105cza\u0107 j\u0105 w dzia\u0142ania we wzajemnym szacunku i pasji. Nie zrezygnowali\u015bmy, ale starali\u015bmy si\u0119 utrzyma\u0107 i udoskonali\u0107 dotychczasowe wydarzenia wiod\u0105ce organizowane przez Centrum, opiera\u0107 je w\u0142a\u015bnie na tej wsp\u00f3\u0142pracy. Wiele mamy jeszcze do zrobienia w zakresie wprowadzenia warsztatowych form pracy dostosowanych do potrzeb i zainteresowa\u0144 mieszka\u0144c\u00f3w, ze znalezieniem ciekawych ofert instruktorskich, ale stale b\u0119dziemy pr\u00f3bowa\u0107 sprosta\u0107 oczekiwaniom. Edukacja kulturalna jest bardzo wa\u017cna, dlatego zacie\u015bniamy wsp\u00f3\u0142prac\u0119 ze szko\u0142ami i przedszkolami. Realizuj\u0105c wystawy, my\u015blimy zawsze jednocze\u015bnie o zaj\u0119ciach edukacyjnych i warsztatach, kt\u00f3re mog\u0105 im towarzyszy\u0107. Zapraszamy do nas grupy zorganizowane, tak\u017ce te ze szczeg\u00f3lnymi potrzebami, dzi\u0119ki temu nasza przestrze\u0144 stale t\u0119tni \u017cyciem. Zaproponowali\u015bmy warsztaty teatralne, tw\u00f3rcze zaj\u0119cia plastyczne dla doros\u0142ych, a w naszej bibliotece z powodzeniem zawi\u0105za\u0142a si\u0119 i stale pracuje redakcja dzieci\u0119ca. Podejmowanie wsp\u00f3\u0142pracy z innymi instytucjami kultury, o\u015bwiaty oraz organizacjami pozarz\u0105dowymi w wojew\u00f3dztwie podlaskim zaprocentowa\u0142o ciekawymi projektami, takimi jak teatralne PIKtoGRAmy realizowane z Podlaskim Instytutem Kultury czy \u201eNarew \u2013 rzeka ukrytych miejsc\u201d z Narwia\u0144skim Parkiem Narodowym. Przeprowadzone warsztaty i spotkania sieciuj\u0105ce, a w\u0142a\u015bciwie ich efekty, mobilizuj\u0105 nas do dalszych wsp\u00f3lnych inicjatyw. W\u015br\u00f3d senior\u00f3w wspaniale sprawdzi\u0142o si\u0119 spotkanie \u201eOdkry\u0107 Potencja\u0142\u201d. Wsp\u00f3\u0142pracujemy z instruktorami i artystami z galerii Arsena\u0142 w Bia\u0142ymstoku, bo dzi\u0119ki nim w\u0142a\u015bnie uda\u0142o si\u0119 nam stworzy\u0107 i wydawa\u0107 w Choroszczy \u201eGazet\u0119 Dzieci\u201d. Wiele mo\u017cna wymieni\u0107 i wiele o tym opowiada\u0107. Z ka\u017cdym nowym projektem, z ka\u017cd\u0105 rozmow\u0105 z odbiorc\u0105 naszej oferty kulturalnej, tak\u017ce tym krytycznym, rodzi si\u0119 mobilizacja do szukania rozwi\u0105za\u0144 usprawniaj\u0105cych nasz\u0105 prac\u0119. Zdaj\u0119 sobie spraw\u0119, \u017ce wiele jeszcze mamy do zrobienia w zakresie rozwoju amatorskiego ruchu artystycznego, turystyki czy ochrony dziedzictwa historycznego w naszej gminie. Ale nie wszystko naraz, bo praca w kulturze to nie projekt, tylko proces, kt\u00f3ry wymaga czasu.&nbsp;<\/p>\n\n\n\n<p><strong>Po co w og\u00f3le gminom kultura?<\/strong><\/p>\n\n\n\n<p>To przede wszystkim szansa na poznanie talent\u00f3w i potencja\u0142u spo\u0142eczno\u015bci, to dopuszczenie do g\u0142osu drzemi\u0105cej w niej wra\u017cliwo\u015bci, kt\u00f3ra stanowi te\u017c o naszej to\u017csamo\u015bci. To obszar, kt\u00f3ry wydawa\u0107 by si\u0119 mog\u0142o, \u017ce jest zawsze gdzie\u015b na marginesie naszego codziennego \u017cycia, a wcale marginalny nie jest. My\u015bl\u0119, \u017ce potrzebujemy kultury, by zwyczajnie uczy\u0107 si\u0119 og\u0142ady, uwa\u017cno\u015bci i refleksji na otaczaj\u0105cy nas \u015bwiat i ludzi, a w czasie, kiedy przygniataj\u0105 nas otaczaj\u0105ce problemy i troski, zyska\u0107 odrobin\u0119 wytchnienia i rado\u015bci czy zwyczajnie realizowa\u0107 marzenia.&nbsp;<\/p>\n\n\n\n<p><strong>A czy po 12 miesi\u0105cach widzi Pani w gminie Choroszcz nowe potrzeby czy nowe kierunki, o kt\u00f3rych wcze\u015bniej Pani nie my\u015bla\u0142a?<\/strong><\/p>\n\n\n\n<p>Chyba i jedno, i drugie.&nbsp; Potrzeby s\u0105 i b\u0119d\u0105 ca\u0142y czas, b\u0119d\u0105 si\u0119 zmienia\u0107, tak jak stale zmienia si\u0119 spo\u0142ecze\u0144stwo, a to b\u0119dzie wyznacza\u0142o nasze nowe kierunki dzia\u0142a\u0144. Przez wiele lat nauczy\u0142am si\u0119, \u017ce tu, w kulturze, nie ma sta\u0142o\u015bci, za to jest ca\u0142y czas dynamika i nowe wyzwania, stale trzeba szuka\u0107 w sobie i na zewn\u0105trz inspiracji, bazuj\u0105c przy tym na walorach tw\u00f3rczych miejsca i ludzi. Niesamowicie wa\u017cna jest te\u017c komunikacja rozpatrywana na wielu poziomach, by dostrzega\u0107 te nowe potrzeby i odwa\u017cnie d\u0105\u017cy\u0107 do wyznaczania nowego kierunku. To tak od strony refleksji. A od strony praktyki \u2013 nie da si\u0119 wdro\u017cy\u0107 nawet najlepszych system\u00f3w, usprawni\u0107 pracy instytucji bez odpowiedniego zaplecza technicznego, infrastruktury, kt\u00f3ra w naszym przypadku wymaga gruntownych inwestycji, tak, by\u015bmy mogli sprosta\u0107 na przyk\u0142ad potrzebom dost\u0119pno\u015bci dla naszych mieszka\u0144c\u00f3w.&nbsp;<\/p>\n\n\n\n<p><strong>Jakie jest Pani najwi\u0119ksze marzenie zwi\u0105zane z Centrum?<\/strong><\/p>\n\n\n\n<p>My\u015bl\u0119, \u017ce cz\u0119\u015bciowo si\u0119 ono spe\u0142nia\u2026 i by\u0107 mo\u017ce rozczaruj\u0119 niekt\u00f3rych, ale chyba nigdy nie b\u0119d\u0119 go wizualizowa\u0107 z pi\u0119knym eventem, ale z rozwojem mojego zespo\u0142u. Chcia\u0142abym kiedy\u015b m\u00f3c spojrze\u0107 na to miejsce z poczuciem satysfakcji i dumy, \u017ce zrobi\u0142am wszystko, co w mojej mocy, i wykorzysta\u0142am wszystkie dane mi talenty, by uczyni\u0107 to miejsce pe\u0142nym tw\u00f3rczej energii, pasji, otwartym na spo\u0142eczno\u015b\u0107. I \u017cycz\u0119 sobie sama, by w tej drodze, mimo przeciwno\u015bci, nigdy nie zatraci\u0107 mi\u0142o\u015bci do kultury.&nbsp;&nbsp;<\/p>\n","protected":false},"excerpt":{"rendered":"<p>Wywiad z Izabel\u0105 D\u0105browsk\u0105, dyrektor MGCKiS w Choroszczy.<\/p>\n","protected":false},"author":3,"featured_media":53628,"comment_status":"closed","ping_status":"open","sticky":false,"template":"","format":"standard","meta":{"ngg_post_thumbnail":0,"footnotes":""},"categories":[7],"tags":[],"class_list":["post-53627","post","type-post","status-publish","format-standard","has-post-thumbnail","hentry","category-wydarzenia"],"_links":{"self":[{"href":"https:\/\/gazeta.choroszcz.pl\/index.php?rest_route=\/wp\/v2\/posts\/53627"}],"collection":[{"href":"https:\/\/gazeta.choroszcz.pl\/index.php?rest_route=\/wp\/v2\/posts"}],"about":[{"href":"https:\/\/gazeta.choroszcz.pl\/index.php?rest_route=\/wp\/v2\/types\/post"}],"author":[{"embeddable":true,"href":"https:\/\/gazeta.choroszcz.pl\/index.php?rest_route=\/wp\/v2\/users\/3"}],"replies":[{"embeddable":true,"href":"https:\/\/gazeta.choroszcz.pl\/index.php?rest_route=%2Fwp%2Fv2%2Fcomments&post=53627"}],"version-history":[{"count":1,"href":"https:\/\/gazeta.choroszcz.pl\/index.php?rest_route=\/wp\/v2\/posts\/53627\/revisions"}],"predecessor-version":[{"id":53629,"href":"https:\/\/gazeta.choroszcz.pl\/index.php?rest_route=\/wp\/v2\/posts\/53627\/revisions\/53629"}],"wp:featuredmedia":[{"embeddable":true,"href":"https:\/\/gazeta.choroszcz.pl\/index.php?rest_route=\/wp\/v2\/media\/53628"}],"wp:attachment":[{"href":"https:\/\/gazeta.choroszcz.pl\/index.php?rest_route=%2Fwp%2Fv2%2Fmedia&parent=53627"}],"wp:term":[{"taxonomy":"category","embeddable":true,"href":"https:\/\/gazeta.choroszcz.pl\/index.php?rest_route=%2Fwp%2Fv2%2Fcategories&post=53627"},{"taxonomy":"post_tag","embeddable":true,"href":"https:\/\/gazeta.choroszcz.pl\/index.php?rest_route=%2Fwp%2Fv2%2Ftags&post=53627"}],"curies":[{"name":"wp","href":"https:\/\/api.w.org\/{rel}","templated":true}]}}